{"id":1237,"date":"2020-10-23T08:04:33","date_gmt":"2020-10-23T08:04:33","guid":{"rendered":"http:\/\/www.3faktoriyel.com\/blog\/?p=1237"},"modified":"2021-06-03T11:51:14","modified_gmt":"2021-06-03T11:51:14","slug":"sagkal-dijital-donusum-ortagi-olarak-3faktoriyeli-secti","status":"publish","type":"post","link":"https:\/\/www.3faktoriyel.com\/blog\/sagkal-dijital-donusum-ortagi-olarak-3faktoriyeli-secti\/","title":{"rendered":"Sa\u011fKal, D\u0130J\u0130TAL D\u00d6N\u00dc\u015e\u00dcM ORTA\u011eI OLARAK 3FAKT\u00d6R\u0130YEL&#8217;\u0130 SE\u00c7T\u0130!"},"content":{"rendered":"\n<p>Toplum sa\u011fl\u0131\u011f\u0131n\u0131 do\u011frudan ilgilendiren ancak kamuoyu taraf\u0131ndan&nbsp;bilinmeyen&nbsp;end\u00fcstri \u00fcretim alanlar\u0131nda \u00fcreticilere sa\u011fl\u0131k, kalite ve sertifikasyon konusunda destek veren ve Kanserle Dans, Umut At\u00f6lyesi gibi projelere imza atan Sa\u011fl\u0131kta Kalite Derne\u011fi, kurumsal Web Sitesi Y\u00f6netimi, Aidat, Ba\u011f\u0131\u015f, Kampanya Ba\u011f\u0131\u015flar\u0131 ve \u00dcye y\u00f6netimi konular\u0131ndaki dijitalle\u015fme s\u00fcrecinde 3Fakt\u00f6riyel&#8217;i se\u00e7ti. <br><br>3fakt\u00f6riyel olarak, \u0130zmir&#8217;in en iyi Sivil Toplum Kurulu\u015fu olan ve AB taraf\u0131ndan hibe deste\u011fi almaya hak kazanan STK ile i\u015fbirli\u011fi i\u00e7erisinde olmaktan mutluyuz, gururluyuz. <\/p>\n\n\n\n<p>Sa\u011fKal ise i\u015fbirli\u011fimizi Sosyal Medyada yapt\u0131\u011f\u0131 a\u00e7\u0131klamada b\u00f6yle duyurdu :<\/p>\n\n\n\n<p>&#8220;Derne\u011fimiz, 2019 y\u0131l\u0131ndan itibaren Avrupa Birli\u011fi projesiyle girdi\u011fi &#8220;Kurumsal Kapasite Geli\u015ftirme&#8221; yolculu\u011funda, pandemi \u015fartlar\u0131yla da \u00f6nemi bir kat daha artan ve sivil toplum dahil t\u00fcm sekt\u00f6rler ad\u0131na ka\u00e7\u0131n\u0131lmazl\u0131\u011f\u0131 ortaya \u00e7\u0131kan &#8220;Dijital D\u00f6n\u00fc\u015f\u00fcm&#8221; s\u00fcre\u00e7lerinde \u00e7\u00f6z\u00fcm orta\u011f\u0131 olarak 3Fakt\u00f6riyel Bilgi Teknolojileri firmas\u0131n\u0131 se\u00e7ti. Toplamda 20 y\u0131l\u0131 a\u015fan sekt\u00f6r deneyimleriyle, bili\u015fim \u00e7\u00f6z\u00fcmlerinde yenilik\u00e7i bir anlay\u0131\u015fa sahip olan ve T\u00fcrkiye&#8217;nin \u00f6nde gelen kurum ve y\u00fcksek \u00f6\u011frenim kurumlar\u0131na da Dijital Altyap\u0131, E-\u00d6\u011frenme Platformlar\u0131, Web Sitesi hizmetleri sunan ve tamamen kurumlar\u0131n ihtiya\u00e7lar\u0131na g\u00f6re &#8220;ki\u015fiselle\u015ftirilmi\u015f&#8221; \u00e7\u00f6z\u00fcmler geli\u015ftiren 3Fakt\u00f6riyel firmas\u0131yla anla\u015fmam\u0131z\u0131n her iki taraf\u0131n i\u015f geli\u015ftirme s\u00fcre\u00e7lerine katk\u0131 sa\u011flamas\u0131n\u0131 ve hay\u0131rl\u0131 olmas\u0131n\u0131 diliyoruz. &#8220;<\/p>\n\n\n\n<figure class=\"wp-block-image size-large\"><img loading=\"lazy\" width=\"1024\" height=\"768\" src=\"https:\/\/www.3faktoriyel.com\/blog\/wp-content\/uploads\/2020\/10\/toplanti1-1024x768.jpeg\" alt=\"\" class=\"wp-image-1241\" srcset=\"https:\/\/www.3faktoriyel.com\/blog\/wp-content\/uploads\/2020\/10\/toplanti1-1024x768.jpeg 1024w, https:\/\/www.3faktoriyel.com\/blog\/wp-content\/uploads\/2020\/10\/toplanti1-300x225.jpeg 300w, https:\/\/www.3faktoriyel.com\/blog\/wp-content\/uploads\/2020\/10\/toplanti1-150x113.jpeg 150w, https:\/\/www.3faktoriyel.com\/blog\/wp-content\/uploads\/2020\/10\/toplanti1-768x576.jpeg 768w, https:\/\/www.3faktoriyel.com\/blog\/wp-content\/uploads\/2020\/10\/toplanti1.jpeg 1280w\" sizes=\"(max-width: 1024px) 100vw, 1024px\" \/><\/figure>\n\n\n\n<figure class=\"wp-block-image size-large\"><img loading=\"lazy\" width=\"1024\" height=\"768\" src=\"https:\/\/www.3faktoriyel.com\/blog\/wp-content\/uploads\/2020\/10\/toplanti2-1024x768.jpeg\" alt=\"\" class=\"wp-image-1242\" srcset=\"https:\/\/www.3faktoriyel.com\/blog\/wp-content\/uploads\/2020\/10\/toplanti2-1024x768.jpeg 1024w, https:\/\/www.3faktoriyel.com\/blog\/wp-content\/uploads\/2020\/10\/toplanti2-300x225.jpeg 300w, https:\/\/www.3faktoriyel.com\/blog\/wp-content\/uploads\/2020\/10\/toplanti2-150x113.jpeg 150w, https:\/\/www.3faktoriyel.com\/blog\/wp-content\/uploads\/2020\/10\/toplanti2-768x576.jpeg 768w, https:\/\/www.3faktoriyel.com\/blog\/wp-content\/uploads\/2020\/10\/toplanti2.jpeg 1280w\" sizes=\"(max-width: 1024px) 100vw, 1024px\" \/><\/figure>\n\n\n\n<p><strong>Sa\u011fKal Hakk\u0131nda<\/strong><\/p>\n\n\n\n<p>Sa\u011fl\u0131kta Kalite Derne\u011fi &#8220;Sa\u011fKal&#8221;&nbsp;<strong>9 Eyl\u00fcl 2005<\/strong>\u2019te \u0130zmir\u2019de kuruldu.<\/p>\n\n\n\n<p>Kurulu\u015funun ilk y\u0131l\u0131ndan itibaren&nbsp;<strong>TSE, \u0130SKD<\/strong>&nbsp;gibi kurulu\u015flarla ortak toplant\u0131lar d\u00fczenleyerek&nbsp;<strong>sa\u011fl\u0131k ve kalite<\/strong>&nbsp;odakl\u0131 \u00e7al\u0131\u015fma alanlar\u0131n\u0131, eksiklikleri, proje f\u0131rsatlar\u0131n\u0131 ve toplum sa\u011fl\u0131\u011f\u0131n\u0131 ilgilendiren konular\u0131 inceledi, de\u011ferlendirdi.<\/p>\n\n\n\n<p>O y\u0131llarda T\u00fcrkiye\u2019de sa\u011fl\u0131k sekt\u00f6r\u00fcn\u00fcn g\u00fcndemine yeni girmeye ba\u015flayan&nbsp;<strong>JCI, ISQua<\/strong>&nbsp;gibi kurul ve kurumlar\u0131n kalite standartlar\u0131 ve sertifikasyon s\u00fcre\u00e7lerini yak\u0131ndan izleyen Sa\u011fKal, bu konuda&nbsp;<strong>T\u00fcrkiye\u2019nin ilk<\/strong>&nbsp;e\u011fitim veren kurulu\u015flar\u0131 aras\u0131nda yer ald\u0131.<\/p>\n\n\n\n<p>Sa\u011fKal, bu \u00e7al\u0131\u015fma d\u00f6neminde&nbsp;<strong>toplum sa\u011fl\u0131\u011f\u0131n\u0131<\/strong>do\u011frudan ilgilendiren ancak kamuoyu taraf\u0131ndan&nbsp;<strong>bilinmeyen<\/strong>&nbsp;end\u00fcstri \u00fcretim alanlar\u0131nda \u00fcreticilere sa\u011fl\u0131k, kalite ve sertifikasyon konusunda destek vererek etkin faaliyetlerde bulundu.<\/p>\n\n\n\n<p><strong>2013\u2019ten itibaren<\/strong>&nbsp;bireyden topluma ilerleyen projelere de y\u00f6nelen Sa\u011fKal&nbsp;<strong>Kanserle Dans<\/strong> projesini ba\u015flatarak&nbsp;<strong>Umut At\u00f6lyesi Evleri<\/strong>\u2019ne uzanan yolun temelini att\u0131.<\/p>\n\n\n\n<p>2015\u2019ten itibaren kamu, sivil toplum ve medya kurulu\u015fu, yerel y\u00f6netim, \u00fcniversite ve g\u00f6n\u00fcll\u00fclerle i\u015fbirli\u011fini geni\u015fleten Sa\u011fKal, e\u011fitimler, konferanslar, kampanyalar, yar\u0131\u015fmalar ve sanat etkinlikleriyle&nbsp;<strong>Umut At\u00f6lyesi<\/strong>&nbsp;projesini geli\u015ftirdi,&nbsp;<strong>4 M metafor e\u011fitimleri<\/strong>&nbsp;ile kanser hastalar\u0131n\u0131n ve yak\u0131nlar\u0131n\u0131n hayatlar\u0131na do\u011frudan destek verebilecek stratejik ad\u0131mlar att\u0131.<\/p>\n\n\n\n<p><strong>11 May\u0131s 2016\u2019da<\/strong>&nbsp;Umut At\u00f6lyesi Projesi\u2019nin ilk ad\u0131m\u0131 olan&nbsp;<strong>Kahramanlar Umut Evi<\/strong>&nbsp;a\u00e7\u0131ld\u0131. Ayn\u0131 y\u0131l&nbsp;<strong>9 A\u011fustos\u2019ta<\/strong>&nbsp;a\u00e7\u0131lan&nbsp;<strong>Bal\u00e7ova Umut Evi<\/strong>&nbsp;ile Sa\u011fKal ve proje ortaklar\u0131 kanser hastalar\u0131n\u0131n tedavileri i\u00e7in \u00e7ok \u00f6nemli bir deste\u011fi sa\u011flamaya ba\u015flad\u0131lar.<\/p>\n\n\n\n<p>2017\u2019de&nbsp;<strong>Ulusal Ajans<\/strong>&nbsp;akreditasyonu kazanan Sa\u011fKal 2018\u2019de&nbsp;<strong>AB<\/strong>&nbsp;Yerel STK\u2019lar Hibe Program\u0131 kapsam\u0131nda destek almaya hak kazanan T\u00fcrkiye\u2019deki&nbsp;<strong>38 STK<\/strong>&nbsp;aras\u0131na girerek hizmet g\u00fcc\u00fcne g\u00fc\u00e7 katt\u0131.<\/p>\n","protected":false},"excerpt":{"rendered":"<p>Toplum sa\u011fl\u0131\u011f\u0131n\u0131 do\u011frudan ilgilendiren ancak kamuoyu taraf\u0131ndan&nbsp;bilinmeyen&nbsp;end\u00fcstri \u00fcretim alanlar\u0131nda \u00fcreticilere sa\u011fl\u0131k, kalite ve sertifikasyon konusunda destek veren ve Kanserle Dans, Umut At\u00f6lyesi gibi projelere imza atan Sa\u011fl\u0131kta Kalite Derne\u011fi, kurumsal Web Sitesi Y\u00f6netimi, Aidat, Ba\u011f\u0131\u015f, Kampanya Ba\u011f\u0131\u015flar\u0131 ve \u00dcye y\u00f6netimi konular\u0131ndaki dijitalle\u015fme s\u00fcrecinde 3Fakt\u00f6riyel&#8217;i se\u00e7ti. 3fakt\u00f6riyel olarak, \u0130zmir&#8217;in en iyi Sivil Toplum Kurulu\u015fu olan ve [&hellip;]<\/p>\n","protected":false},"author":1,"featured_media":1246,"comment_status":"open","ping_status":"open","sticky":false,"template":"","format":"standard","meta":[],"categories":[1,77],"tags":[],"_links":{"self":[{"href":"https:\/\/www.3faktoriyel.com\/blog\/wp-json\/wp\/v2\/posts\/1237"}],"collection":[{"href":"https:\/\/www.3faktoriyel.com\/blog\/wp-json\/wp\/v2\/posts"}],"about":[{"href":"https:\/\/www.3faktoriyel.com\/blog\/wp-json\/wp\/v2\/types\/post"}],"author":[{"embeddable":true,"href":"https:\/\/www.3faktoriyel.com\/blog\/wp-json\/wp\/v2\/users\/1"}],"replies":[{"embeddable":true,"href":"https:\/\/www.3faktoriyel.com\/blog\/wp-json\/wp\/v2\/comments?post=1237"}],"version-history":[{"count":7,"href":"https:\/\/www.3faktoriyel.com\/blog\/wp-json\/wp\/v2\/posts\/1237\/revisions"}],"predecessor-version":[{"id":1250,"href":"https:\/\/www.3faktoriyel.com\/blog\/wp-json\/wp\/v2\/posts\/1237\/revisions\/1250"}],"wp:featuredmedia":[{"embeddable":true,"href":"https:\/\/www.3faktoriyel.com\/blog\/wp-json\/wp\/v2\/media\/1246"}],"wp:attachment":[{"href":"https:\/\/www.3faktoriyel.com\/blog\/wp-json\/wp\/v2\/media?parent=1237"}],"wp:term":[{"taxonomy":"category","embeddable":true,"href":"https:\/\/www.3faktoriyel.com\/blog\/wp-json\/wp\/v2\/categories?post=1237"},{"taxonomy":"post_tag","embeddable":true,"href":"https:\/\/www.3faktoriyel.com\/blog\/wp-json\/wp\/v2\/tags?post=1237"}],"curies":[{"name":"wp","href":"https:\/\/api.w.org\/{rel}","templated":true}]}}